{"id":1025,"date":"2016-02-25T10:19:34","date_gmt":"2016-02-25T08:19:34","guid":{"rendered":"https:\/\/www.in-house.de\/?p=1025"},"modified":"2016-10-19T11:54:45","modified_gmt":"2016-10-19T09:54:45","slug":"messen-personal-2016-digitale-personalakte-iqakte-personal-in-neuer-version-3-0-vorgestellt","status":"publish","type":"post","link":"https:\/\/www.in-house.de\/en\/portale\/iqdoq\/2016-02-25-messen-personal-2016-digitale-personalakte-iqakte-personal-in-neuer-version-3-0-vorgestellt\/","title":{"rendered":"Messen Personal 2016: Digitale Personalakte IQAkte Personal in neuer Version 3.0 vorgestellt"},"content":{"rendered":"<p>[et_\u200bpb_\u200bsection admin_label=\u201csection\u201d][et_pb_row admin_label=\u201cZeile\u201d][et_pb_column type=\u201c3_4\u201d][et_pb_text admin_label=\u201cPressemitteilung\u201d background_layout=\u201clight\u201d text_orientation=\u201cleft\u201d use_border_color=\u201coff\u201d border_color=\u201d#ffffff\u201d border_style=\u201csolid\u201d]<\/p>\n<h1>Pressemitteilung<\/h1>\n<p>[\/et_pb_text][\/et_pb_column][et_pb_column type=\u201c1_4\u201d][et_pb_image admin_label=\u201cLogo\u201d src=\u201chttps:\/\/www.in-house.de\/wp-content\/uploads\/iqdoq.png\u201d show_in_lightbox=\u201coff\u201d url_new_window=\u201coff\u201d use_overlay=\u201coff\u201d animation=\u201coff\u201d sticky=\u201coff\u201d align=\u201cright\u201d force_fullwidth=\u201coff\u201d always_center_on_mobile=\u201con\u201d use_border_color=\u201coff\u201d border_color=\u201d#ffffff\u201d border_style=\u201csolid\u201d]<\/p>\n<p><\/p>\n<p>[\/et_pb_image][\/et_pb_column][\/et_pb_row][et_pb_row admin_label=\u201crow\u201d][et_pb_column type=\u201c4_4\u201d][et_pb_text admin_label=\u201cHeadline\u201d background_layout=\u201clight\u201d text_orientation=\u201cleft\u201d use_border_color=\u201coff\u201d border_color=\u201d#ffffff\u201d border_style=\u201csolid\u201d]<\/p>\n<h2>Messen Personal 2016: Digitale Personalakte IQAkte Personal in neuer Version 3.0 vorgestellt<\/h2>\n<h3>Materna-\u200bTochter IQDoQ erh\u00f6ht Flexibilit\u00e4t ihrer DMS-Fachl\u00f6sung<\/h3>\n<p>[\/et_pb_text][et_pb_post_nav admin_label=\u201cBeitragsnavigierung\u201d in_same_term=\u201con\u201d hide_prev=\u201coff\u201d hide_next=\u201coff\u201d use_border_color=\u201coff\u201d border_color=\u201d#ffffff\u201d border_style=\u201csolid\u201d prev_text=\u201cVorige Pressemit\u00adteilung\u201d next_text=\u201cN\u00e4chste Pressemitteilung\u201d]<\/p>\n<p><\/p>\n<p>[\/et_pb_post_nav][et_pb_text admin_label=\u201cText\u201d background_layout=\u201clight\u201d text_orientation=\u201cleft\u201d use_border_color=\u201coff\u201d border_color=\u201d#ffffff\u201d border_style=\u201csolid\u201d]<\/p>\n<p><em><strong>Bad Vil\u00adbel, 25. Feb\u00adru\u00adar 2016. Auf den Messen Per\u00adson\u00adal Swiss (Z\u00fcrich, 12.\u201313.04.2016: Halle 5, Stand E.23), Per\u00adson\u00adal Nord (Ham\u00adburg, 26.\u201327.04.2016: Halle A4, Stand E.13) und Per\u00adson\u00adal S\u00fcd (Stuttgart, 10.\u201311.05.2016: Halle 6, Stand J.10) zeigt das Soft\u00adware\u00adun\u00adternehmen IQDoQ erst\u00admals die neue Ver\u00adsion 3.0 sein\u00ader dig\u00adi\u00adtal\u00aden Per\u00adson\u00adalak\u00adte IQAk\u00adte Per\u00adson\u00adal. Mit dem Update schafft die Materna-\u200bTochter eine Rei\u00adhe neuer M\u00f6glichkeit\u00aden, um die leis\u00adtungs\u00adf\u00e4hige Stan\u00addard\u00adl\u00f6\u00adsung mit hohem Funk\u00adtion\u00adsum\u00adfang an die speziellen W\u00fcn\u00adsche und Erfordernisse im Unternehmen anzu\u00adpassen. Au\u00dfer\u00addem bringt IQDoQ einen sein\u00ader wichtig\u00adsten Part\u00adner auf alle drei Messen mit: Bei ima\u00adsol k\u00f6n\u00adnen sich Messebe\u00adsuch\u00ader \u00fcber effiziente Dig\u00adi\u00adtal\u00adisierungsstrate\u00adgien informieren.<\/strong><\/em><\/p>\n<p>\u201eF\u00fcr immer mehr Unternehmen z\u00e4hlt eine dig\u00adi\u00adtale Per\u00adson\u00adalak\u00adte heute bere\u00adits zur Stan\u00addar\u00add\u00adausstat\u00adtung. Dabei erhal\u00adten zunehmend nicht nur HR und Vorge\u00adset\u00adzte, son\u00addern auch die Mitar\u00adbeit\u00ader selb\u00adst jed\u00aderzeit Zugriff\u201c, erl\u00e4utert Frank R\u00fcttger, Gesch\u00e4fts\u00adf\u00fchrer von IQDoQ. \u201eUmso wichtiger wird es, die einge\u00adset\u00adzte Stan\u00addard\u00adl\u00f6\u00adsung per\u00adfekt an das Unternehmen anzu\u00adpassen \u2013 vom \u00e4u\u00dferen Erschei\u00adn\u00adungs\u00adbild bis zu den indi\u00advidu\u00adellen Arbeitsabl\u00e4ufen der Mitarbeiter.\u201c<\/p>\n<p>Genau darauf liegt der Fokus der neuen IQAk\u00adte Per\u00adson\u00adal Ver\u00adsion 3.0. So hat die Benutze\u00adr\u00adober\u00adfl\u00e4che ein leichteres, flach\u00ades Design erhal\u00adten, das sich an den aktuellen Office-\u200bVersionen von Microsoft ori\u00aden\u00adtiert, dabei aber leicht an die Cor\u00adpo\u00adrate Iden\u00adti\u00adty des jew\u00adeili\u00adgen Kun\u00adden angepasst wer\u00adden kann. Im gle\u00adichen Zuge haben die Akten eine \u00fcber\u00adsichtliche Start\u00adseite mit frei kon\u00adfig\u00adurier\u00adbaren Kacheln erhal\u00adten, auf denen je nach Akten\u00adtyp beispiel\u00adsweise die let\u00adzten erstell\u00adten Doku\u00admente, aktuelle Zer\u00adti\u00adfizierun\u00adgen oder alle Wieder\u00advor\u00adla\u00adgen zum Mitar\u00adbeit\u00ader auf einen Blick dargestellt wer\u00adden. Erg\u00e4nzend sorgt eine neue per\u00ads\u00f6n\u00adliche Ablage daf\u00fcr, dass nun neben Per\u00adson\u00adalak\u00adten und all\u00adge\u00admeinen HR-\u200bDokumenten auch per\u00ads\u00f6n\u00adliche Arbeit\u00adsun\u00adter\u00adla\u00adgen der HR-\u200bSachbearbeiter zen\u00adtral und revi\u00adsion\u00adssich\u00ader gespe\u00adichert wer\u00adden k\u00f6nnen.<\/p>\n<p>Dank des erweit\u00aderten Kor\u00adre\u00adspon\u00addenz\u00admoduls erf\u00e4hrt der Benutzer eine nochmals verbesserte Unter\u00adst\u00fctzung f\u00fcr den E\u2011Mail-\u200bVerkehr. Direkt aus der Akte her\u00adaus kann er E\u2011Mails an einen oder mehrere Mitar\u00adbeit\u00ader erstellen und automa\u00adtisch an die hin\u00adter\u00adlegten E\u2011Mail-\u200bAdressen versenden lassen. Oben\u00addrein ist es dabei m\u00f6glich, auch f\u00fcr die E\u2011Mail-\u200bKorrespondenz auf alle bere\u00adits als Word-\u200bDokumente hin\u00adter\u00adlegten Vor\u00adla\u00adgen zur\u00fcck\u00adzu\u00adgreifen. Damit kann ein einziger, bequem zen\u00adtral gepflegter Satz an Vor\u00adla\u00adgen f\u00fcr alle Ein\u00adsatzz\u00adwecke ver\u00adwen\u00addet werden.<\/p>\n<p>An inter\u00adna\u00adtionale sowie gro\u00dfe Kun\u00adden ist eben\u00adfalls gedacht: So l\u00e4sst sich das l\u00e4n\u00adder\u00adab\u00adh\u00e4ngige Adress\u00adfor\u00admat nun f\u00fcr jede Akte frei w\u00e4hlen. Und wer wegen des gro\u00dfen Vol\u00adu\u00admens statt Arbeitsplatz\u00acscannern eine Scanstra\u00dfe ein\u00adset\u00adzt, kann f\u00fcr jedes Papier\u00addoku\u00adment ganz ein\u00adfach einen Scanauf\u00adtrag erzeu\u00adgen. Dann wird automa\u00adtisch ein Deck\u00adblatt mit Bar\u00adcode aus\u00adge\u00addruckt, der daf\u00fcr sorgt, dass das Doku\u00adment nach dem sp\u00e4teren Scan\u00adnen an der kor\u00adrek\u00adten Stelle in der elek\u00adtro\u00adn\u00adis\u00adchen Akte erscheint.<\/p>\n<p>Besuch\u00ader der Messen Per\u00adson\u00adal k\u00f6n\u00adnen sich bei IQDoQ nicht nur anhand vor\u00adbere\u00adit\u00adeter Stan\u00addard\u00adszenar\u00adios, son\u00addern auch mit ihren eige\u00adnen mit\u00adge\u00adbracht\u00aden Prax\u00adis\u00adbeispie\u00adlen ein Bild von der neuen IQAk\u00adte Per\u00adson\u00adal machen. \u201eBei uns soll sich ruhig jed\u00ader davon \u00fcberzeu\u00adgen, wie ein\u00adfach und effek\u00adtiv er unsere Stan\u00addard\u00adsoft\u00adware an die eige\u00adnen Bed\u00fcrfnisse anpassen kann\u201c, erl\u00e4utert R\u00fcttger. \u201eNur so l\u00e4sst sich ver\u00adste\u00adhen, dass sich diese ganze Flex\u00adi\u00adbil\u00adit\u00e4t bequem inner\u00adhalb unseres Ein\u00adf\u00fchrungskonzepts \u201a5Days2Go\u2018 kon\u00adfig\u00aduri\u00aderen l\u00e4sst und wir kon\u00adse\u00adquent unserem Mot\u00adto \u201aEin\u00adfach. Schnell. Sich\u00ader.\u2018 treu bleiben.\u201c<\/p>\n<p>Auch son\u00adst gibt es auf dem Mess\u00ade\u00ads\u00adtand einiges zu sehen: Der IQDoQ-\u200bPartner ima\u00adsol informiert \u00fcber unter\u00adschiedliche Dig\u00adi\u00adtal\u00adisierungsstrate\u00adgien zur schnellen und prob\u00adlem\u00adlosen \u00dcber\u00adnahme der Bestand\u00adsak\u00adten in die dig\u00adi\u00adtale Personalakte<br> sowie \u00fcber die HR-\u200bPoststelle, eine Full-\u200bService-\u200bOutsourcingl\u00f6sung f\u00fcr die HR-\u200bTagespost. Als beson\u00addere Inno\u00adva\u00adtion zeigt ima\u00adsol hier eine automa\u00adtis\u00adche Tren\u00adnung in einzelne Doku\u00admente und Zuord\u00adnung zu den jew\u00adeili\u00adgen Doku\u00admen\u00adtarten, die dann zur Indizierung in der Per\u00adson\u00adalak\u00adte ver\u00adwen\u00addet werden.<\/p>\n<p><strong>Mes\u00adsevortr\u00e4ge von&nbsp;IQDoQ:<\/strong><\/p>\n<ul>\n<li>Per\u00adson\u00adal Swiss, 13.04. von 11:30 bis 12:15 Uhr in Halle 5, Forum 3: \u201eDig\u00adi\u00adtal\u00adisierung 2.0 \u2014 wie dig\u00adi\u00adtal muss HR&nbsp;sein?\u201c<br> Frank R\u00fcttger, Gesch\u00e4fts\u00adf\u00fchrer von&nbsp;IQDoQ<\/li>\n<li>Per\u00adson\u00adal Nord, 27.04. von 15:40 bis 16:10 Uhr in Halle A4, Prax\u00adis\u00adfo\u00adrum 1: \u201eDig\u00adi\u00adtal\u00adisierung 2.0 \u2014 wie dig\u00adi\u00adtal muss HR&nbsp;sein?\u201c<br> Frank R\u00fcttger, Gesch\u00e4fts\u00adf\u00fchrer von&nbsp;IQDoQ<\/li>\n<li>Per\u00adson\u00adal S\u00fcd, 10.05. von 14.45 bis 15.30 Uhr in Halle 6, Forum&nbsp;1:<br> \u201eHR Dig\u00adi\u00adtal \u2014 Dig\u00adi\u00adtale Akten und Prozesse bei der DAK-Gesundheit.\u201c<br> Claus Mold\u00aden\u00adhauer, stv. Vor\u00adstandsvor\u00adsitzen\u00adder der DAK-Gesundheit<\/li>\n<\/ul>\n<p>(631 W\u00f6rter \/ 4.806 Zeichen)<\/p>\n<p>[\/et_pb_text][et_pb_text admin_label=\u201cBoilerplate\u201d background_layout=\u201clight\u201d text_orientation=\u201cleft\u201d use_border_color=\u201coff\u201d border_color=\u201d#ffffff\u201d border_style=\u201csolid\u201d]<\/p>\n<p><strong>\u00dcber IQDoQ<br>\n <\/strong>IQDoQ (<a href=\"https:\/\/www.IQDoQ.de\" target=\"_blank\" rel=\"noopener noreferrer nofollow\">www\u200b.IQDoQ\u200b.de<\/a>) ist IT-\u200bSpezialist mit einem feinen Gesp\u00fcr f\u00fcr Prozesse und Doku\u00admente. Das Tochterun\u00adternehmen der Materna-\u200bGruppe hat sich auf Soft\u00adware f\u00fcr effizientes Doku\u00admenten\u00adman\u00adage\u00adment spezial\u00adisiert. Seit \u00fcber 25 Jahren real\u00adisiert IQDoQ dig\u00adi\u00adtale Akten\u00adl\u00f6\u00adsun\u00adgen, die doku\u00adment\u00adbasierte Prozesse sp\u00fcr\u00adbar vere\u00adin\u00adfachen und erle\u00adichtern. Heute ste\u00adhen die Pro\u00adduk\u00adt\u00admarken Hyper\u00adDoc und IQAk\u00adte f\u00fcr ein effizientes zukun\u00adftssicheres Doku\u00admenten\u00adman\u00adage\u00adment, das sich in rund 1.000 Pro\u00adjek\u00adten bew\u00e4hrt hat.<br> Die mehreren 10.000 Anwen\u00adder der IQDoQ-\u200bL\u00f6sungen find\u00aden sich in kleinen, mit\u00adtel\u00adst\u00e4ndis\u00adchen und gro\u00dfen Unternehmen wie beispiel\u00adsweise Car\u00adi\u00adtasver\u00adband Darm\u00adstadt e. V., DAK-\u200bGesundheit, Deutsche Post AG, DPD Dynam\u00adic Par\u00adcel Dis\u00adtri\u00adb\u00adu\u00adtion GmbH &amp; Co. KG, GEO\u00adDIS Logis\u00adtics Deutsch\u00adland GmbH, NZZ-\u200bMediengruppe, Uni\u00adty\u00admedia KabelBW GmbH und WITTE Automotive.<\/p>\n<p>[\/et_pb_text][et_pb_text admin_label=\u201cKontakt\u201d background_layout=\u201clight\u201d text_orientation=\u201cleft\u201d use_border_color=\u201coff\u201d border_color=\u201d#ffffff\u201d border_style=\u201csolid\u201d]<\/p>\n<p>F\u00fcr Fra\u00adgen und weit\u00adere Infor\u00adma\u00adtio\u00adnen ste\u00adhen Ihnen gerne zur Verf\u00fcgung:<\/p>\n<table style=\"width: 100%;\" border=\"0\" cellspacing=\"0\" cellpadding=\"0\">\n<tbody>\n<tr>\n<td style=\"width: 50%;\"><strong>IQDoQ GmbH<br> Kat\u00adja Dippel<\/strong><br> Mar\u00adket\u00ading &amp; Com\u00admu\u00adni\u00adca\u00adtions Manager<br> Theodor-\u200bHeuss-\u200bStra\u00dfe 59<br> D\u201161118 Bad Vilbel<br> Tele\u00adfon: +49 6101 806\u2013300<br> Tele\u00adfax: +49 6101 806\u2013590<br> E\u2011Mail: marketing@iqdoq.de<br> www\u200b.iqdoq\u200b.de<\/td>\n<td style=\"width: 50%;\"><strong>in-\u200bhouse Agentur<\/strong><br>\n <strong>Michael Ihringer<\/strong><br> Kas\u00adtanien\u00adallee&nbsp;24<br> D\u201164289 Darmstadt<br> Tele\u00adfon (06151) 30830\u20130<br> Fax (06151) 30830\u201311<br> ihringer@in-house.de<br> www\u200b.in\u200b-house\u200b.de<\/td>\n<\/tr>\n<\/tbody>\n<\/table>\n<p>[\/et_pb_text][\/et_pb_column][\/et_pb_row][\/et_pb_section]<\/p>\n","protected":false},"excerpt":{"rendered":"<p>Materna-\u200bTochter IQDoQ erh\u00f6ht Flex\u00adi\u00adbil\u00adit\u00e4t ihrer DMS-Fachl\u00f6sung<br>\n<br> Bad Vil\u00adbel, 25. Feb\u00adru\u00adar 2016. Auf den Messen Per\u00adson\u00adal Swiss (Z\u00fcrich, 12.\u201313.04.2016: Halle 5, Stand E.23), Per\u00adson\u00adal Nord (Ham\u00adburg, 26.\u201327.04.2016: Halle A4, Stand E.13) und Per\u00adson\u00adal S\u00fcd (Stuttgart, 10.\u201311.05.2016: Halle 6, Stand J.10) zeigt das Soft\u00adware\u00adun\u00adternehmen IQDoQ erst\u00admals die neue Ver\u00adsion 3.0 sein\u00ader dig\u00adi\u00adtal\u00aden Per\u00adson\u00adalak\u00adte IQAk\u00adte Per\u00adson\u00adal. Mit dem Update schafft die Materna-\u200bTochter eine Rei\u00adhe neuer M\u00f6glichkeit\u00aden, um die leis\u00adtungs\u00adf\u00e4hige Stan\u00addard\u00adl\u00f6\u00adsung mit hohem Funk\u00adtion\u00adsum\u00adfang an die speziellen W\u00fcn\u00adsche und Erfordernisse im Unternehmen anzu\u00adpassen. Au\u00dfer\u00addem bringt IQDoQ einen sein\u00ader wichtig\u00adsten Part\u00adner auf alle drei Messen mit: Bei ima\u00adsol k\u00f6n\u00adnen sich Messebe\u00adsuch\u00ader \u00fcber effiziente Dig\u00adi\u00adtal\u00adisierungsstrate\u00adgien informieren.<\/p>\n","protected":false},"author":2,"featured_media":0,"comment_status":"closed","ping_status":"closed","sticky":false,"template":"","format":"standard","meta":{"_et_pb_use_builder":"on","_et_pb_old_content":"","_et_gb_content_width":"","wp_typography_post_enhancements_disabled":false,"footnotes":""},"categories":[18],"tags":[],"class_list":["post-1025","post","type-post","status-publish","format-standard","hentry","category-iqdoq"],"_links":{"self":[{"href":"https:\/\/www.in-house.de\/en\/wp-json\/wp\/v2\/posts\/1025","targetHints":{"allow":["GET"]}}],"collection":[{"href":"https:\/\/www.in-house.de\/en\/wp-json\/wp\/v2\/posts"}],"about":[{"href":"https:\/\/www.in-house.de\/en\/wp-json\/wp\/v2\/types\/post"}],"author":[{"embeddable":true,"href":"https:\/\/www.in-house.de\/en\/wp-json\/wp\/v2\/users\/2"}],"replies":[{"embeddable":true,"href":"https:\/\/www.in-house.de\/en\/wp-json\/wp\/v2\/comments?post=1025"}],"version-history":[{"count":0,"href":"https:\/\/www.in-house.de\/en\/wp-json\/wp\/v2\/posts\/1025\/revisions"}],"wp:attachment":[{"href":"https:\/\/www.in-house.de\/en\/wp-json\/wp\/v2\/media?parent=1025"}],"wp:term":[{"taxonomy":"category","embeddable":true,"href":"https:\/\/www.in-house.de\/en\/wp-json\/wp\/v2\/categories?post=1025"},{"taxonomy":"post_tag","embeddable":true,"href":"https:\/\/www.in-house.de\/en\/wp-json\/wp\/v2\/tags?post=1025"}],"curies":[{"name":"wp","href":"https:\/\/api.w.org\/{rel}","templated":true}]}}