{"id":1144,"date":"2017-02-21T12:28:03","date_gmt":"2017-02-21T11:28:03","guid":{"rendered":"https:\/\/www.in-house.de\/?p=1144"},"modified":"2017-02-21T13:50:42","modified_gmt":"2017-02-21T12:50:42","slug":"messen-personal-2017-iqdoq-stellt-digitale-personalakte-mit-alles-abgehakt-funktion-vor","status":"publish","type":"post","link":"https:\/\/www.in-house.de\/en\/portale\/iqdoq\/2017-02-21-messen-personal-2017-iqdoq-stellt-digitale-personalakte-mit-alles-abgehakt-funktion-vor\/","title":{"rendered":"Messen Personal 2017: IQDoQ stellt digitale Personalakte mit \u201eAlles abgehakt?\u201c-Funktion vor"},"content":{"rendered":"<p>[et_\u200bpb_\u200bsection admin_label=\u201csection\u201d][et_pb_row admin_label=\u201cZeile\u201d][et_pb_column type=\u201c3_4\u201d][et_pb_text admin_label=\u201cPressemitteilung\u201d background_layout=\u201clight\u201d text_orientation=\u201cleft\u201d use_border_color=\u201coff\u201d border_color=\u201d#ffffff\u201d border_style=\u201csolid\u201d]<\/p>\n<h1>Pressemitteilung<\/h1>\n<p>[\/et_pb_text][\/et_pb_column][et_pb_column type=\u201c1_4\u201d][et_pb_image admin_label=\u201cLogo\u201d src=\u201chttps:\/\/www.in-house.de\/wp-content\/uploads\/iqdoq.png\u201d show_in_lightbox=\u201coff\u201d url_new_window=\u201coff\u201d use_overlay=\u201coff\u201d animation=\u201coff\u201d sticky=\u201coff\u201d align=\u201cright\u201d force_fullwidth=\u201coff\u201d always_center_on_mobile=\u201con\u201d use_border_color=\u201coff\u201d border_color=\u201d#ffffff\u201d border_style=\u201csolid\u201d]<\/p>\n<p><\/p>\n<p>[\/et_pb_image][\/et_pb_column][\/et_pb_row][et_pb_row admin_label=\u201crow\u201d][et_pb_column type=\u201c4_4\u201d][et_pb_text admin_label=\u201cHeadline\u201d background_layout=\u201clight\u201d text_orientation=\u201cleft\u201d use_border_color=\u201coff\u201d border_color=\u201d#ffffff\u201d border_style=\u201csolid\u201d]<\/p>\n<h2>Messen Personal 2017: IQDoQ stellt digitale Personalakte mit \u201eAlles abgehakt?\u201c-Funktion vor<\/h2>\n<h3>IQAkte Personal 3.1 treibt digitale HR-\u200bProzesse voran<\/h3>\n<p>[\/et_pb_text][et_pb_post_nav admin_label=\u201cBeitragsnavigierung\u201d in_same_term=\u201con\u201d hide_prev=\u201coff\u201d hide_next=\u201coff\u201d use_border_color=\u201coff\u201d border_color=\u201d#ffffff\u201d border_style=\u201csolid\u201d prev_text=\u201cVorige Pressemit\u00adteilung\u201d next_text=\u201cN\u00e4chste Pressemitteilung\u201d]<\/p>\n<p><\/p>\n<p>[\/et_pb_post_nav][et_pb_text admin_label=\u201cText\u201d background_layout=\u201clight\u201d text_orientation=\u201cleft\u201d use_border_color=\u201coff\u201d border_color=\u201d#ffffff\u201d border_style=\u201csolid\u201d]<\/p>\n<p><em><strong>Bad Vil\u00adbel, 21. Feb\u00adru\u00adar 2017. Auf den Messen Per\u00adson\u00adal Swiss (Z\u00fcrich, 04.\u201305.04.2017: Halle 5, Stand B.15), Per\u00adson\u00adal Nord (Ham\u00adburg, 25.\u201326.04.2017: Halle A4, Stand E.13) und Per\u00adson\u00adal S\u00fcd (Stuttgart, 09.\u201310.05.2017: Halle 1, Stand B.17) zeigt die Materna-\u200bTochter IQDoQ eine Pre\u00adview auf die neue Ver\u00adsion 3.1 ihrer dig\u00adi\u00adtal\u00aden Per\u00adson\u00adalak\u00adte IQAk\u00adte Per\u00adson\u00adal. Eine neuar\u00adtige Checklisten-\u200bFunktion erm\u00f6glicht es der Per\u00adson\u00adal\u00adabteilung darin erst\u00admals, HR-\u200bProzesse ein\u00adfach, flex\u00adi\u00adbel und vor allem selb\u00adst\u00e4ndig im Sys\u00adtem abzu\u00adbilden. Au\u00dfer\u00addem pr\u00e4sen\u00adtiert IQDoQ die mul\u00adti\u00adme\u00addi\u00adale L\u00f6sung der Schwest\u00aderge\u00adsellschaft Mater\u00adna TMT f\u00fcr das dig\u00adi\u00adtale Onboard\u00ading neuer Mitarbeiter.<\/strong><\/em><\/p>\n<p>Bei vie\u00adlen Arbeitsabl\u00e4ufen in der Per\u00adson\u00adal\u00adabteilung m\u00fcssen die zuge\u00adh\u00f6ri\u00adgen Auf\u00adgaben nicht unbe\u00add\u00adingt in ein\u00ader bes\u00adtimmten Rei\u00adhen\u00adfolge abgear\u00adbeit\u00adet wer\u00adden \u2013 entschei\u00addend ist, dass am Ende alle voll\u00adst\u00e4ndig erledigt sind. \u201eOb beispiel\u00adsweise bei ein\u00ader Heirat oder einem Antrag auf Elternzeit \u2013 damit sie nichts vergessen, behelfen sich viele unser\u00ader Kun\u00adden bis\u00adlang mit To-\u200bDo-\u200bListen in Word oder Excel\u201c, berichtet Frank R\u00fcttger, Gesch\u00e4fts\u00adf\u00fchrer von IQDoQ. Mit den neuen Excel-\u200bVorlagen der IQAk\u00adte Per\u00adson\u00adal lassen sich diese Lis\u00adten nun schnell \u00fcber\u00adtra\u00adgen, neu definieren und dann auf Knopf\u00addruck in die dig\u00adi\u00adtale Per\u00adson\u00adalak\u00adte importieren. Daf\u00fcr ste\u00adhen ver\u00adschiedene Aufgaben-\u200bElemente zur Ver\u00adf\u00fc\u00adgung: vom \u201eklas\u00adsis\u00adchen\u201c Abhak\u00aden \u00fcber Tex\u00adteingaben und Belegerwartun\u00adgen bis hin zur Erzeu\u00adgung per\u00adson\u00adal\u00adisiert\u00ader Kor\u00adre\u00adspon\u00adden\u00adzvor\u00adla\u00adgen. Die Check\u00adlis\u00adten der IQAk\u00adte Per\u00adson\u00adal k\u00f6n\u00adnen mit Bear\u00adbeitungs\u00adfrist und Wieder\u00advor\u00adla\u00adgen verse\u00adhen und am Ende als Pro\u00adtokoll in der Per\u00adson\u00adalak\u00adte des Mitar\u00adbeit\u00aders abgelegt wer\u00adden. Dabei sind diese in das Rollen- und Recht\u00adesys\u00adtem der IQAk\u00adte Per\u00adson\u00adal eingebunden.<\/p>\n<p>Bei der Konzep\u00adtion der Check\u00adlis\u00adten br\u00e4ucht\u00aden Prozessver\u00adant\u00adwortliche nicht davor zur\u00fcck\u00adzuschreck\u00aden, jeden noch so kleinen Arbeitss\u00adchritt abzu\u00adbilden. \u201eSelb\u00adst umfan\u00adgre\u00adiche Check\u00adlis\u00adten mit 20 oder noch mehr Arbeitss\u00adchrit\u00adten bleiben dank ein\u00ader Reit\u00ader\u00adstruk\u00adtur \u00fcber\u00adsichtlich\u201c, ver\u00adspricht R\u00fcttger und erg\u00e4nzt: \u201eErst durch diese Voll\u00adst\u00e4ndigkeit lassen sich Fehlerquellen im Arbeitsablauf wirk\u00adlich auss\u00adchal\u00adten.\u201c Ein gro\u00dfer Vorteil der Check\u00adlis\u00adten sei auch, dass neue Mitar\u00adbeit\u00ader qua\u00adsi durch die fach\u00adlichen Abl\u00e4ufe gef\u00fchrt wer\u00adden und nicht mehr aufw\u00e4ndig eingewiesen wer\u00adden m\u00fcssen.<\/p>\n<p>Daf\u00fcr, dass neue Mitar\u00adbeit\u00ader m\u00f6glichst schnell im Unternehmen ankom\u00admen, sorgt auch das Digital-\u200bOnboarding-\u200bProgramm von Mater\u00adna TMT, das IQDoQ eben\u00adfalls auf den Per\u00adsonalmessen pr\u00e4sen\u00adtiert. Dessen Mod\u00adule sind voll\u00adst\u00e4ndig online ver\u00adf\u00fcg\u00adbar und lassen sich dadurch prob\u00adlem\u00adlos in Mitar\u00adbeit\u00ader\u00adpor\u00adtale inte\u00adgri\u00aderen. Mit seinem eige\u00adnen indi\u00advidu\u00adellen Zugang kann jed\u00ader Mitar\u00adbeit\u00ader darin genau die Inhalte abrufen, die f\u00fcr ihn rel\u00ade\u00advant sind: vom per\u00adson\u00adal\u00adisierten Begr\u00fc\u00dfungsvideo des Gesch\u00e4fts\u00adf\u00fchrers \u00fcber die Kon\u00adtak\u00adt\u00addat\u00aden der wichtig\u00adsten Ansprech\u00adpart\u00adner bis hin zur Slide-\u200bshow rund um die Unternehmen\u00adskul\u00adtur. Ein Team aus Medi\u00aden\u00adprofis und Didak\u00adtik\u00adern passt die Mod\u00adule vor\u00adab an das Cor\u00adpo\u00adrate Design sowie die Abl\u00e4ufe des Unternehmens an und pro\u00adduziert gegebe\u00adnen\u00adfalls auch neue Inhalte.<\/p>\n<p>\u201eDie dig\u00adi\u00adtale Per\u00adson\u00adalak\u00adte als zen\u00adtrales und sicheres Ablagesys\u00adtem f\u00fcr Mitar\u00adbei\u00adt\u00ader\u00addoku\u00admente einzuf\u00fchren, ist der erste Schritt in Rich\u00adtung dig\u00adi\u00adtale Trans\u00adfor\u00adma\u00adtion der Per\u00adson\u00adal\u00adabteilung\u201c, betont R\u00fcttger. Alle jene, die kurz davor sind, diesen Schritt zu machen, l\u00e4dt er ein, sich am Mess\u00ade\u00ads\u00adtand von IQDoQ dann auch beim Scan-\u200bDienstleister ima\u00adsol zur effizien\u00adten Dig\u00adi\u00adtal\u00adisierung ihrer beste\u00adhen\u00adden und laufend\u00aden Mitar\u00adbei\u00adt\u00ader\u00addoku\u00admente berat\u00aden lassen. \u201eDas volle Poten\u00adzial ent\u00adfal\u00adtet unsere IQAk\u00adte Per\u00adson\u00adal aber erst dann, wenn die Kun\u00adden darauf auf\u00adbauend im zweit\u00aden Schritt auch ihre Prozesse dig\u00adi\u00adtal\u00adisiert haben.\u201c Wie das genau geht, will er inter\u00adessierten Per\u00adson\u00adalern auf den Messen im Rah\u00admen sein\u00ader Mes\u00adsevortr\u00e4ge zeigen.<\/p>\n<p><strong>Mes\u00adsevortr\u00e4ge von&nbsp;IQDoQ:&nbsp;<br>\n <\/strong>Zeit f\u00fcr Change: Dig\u00adi\u00adtale HR-\u200bProzesse ein\u00adfach machen<\/p>\n<ul>\n<li>Per\u00adson\u00adal Swiss, 05.04. von 11:30 bis 12:15 Uhr in Halle 5, Forum&nbsp;3<\/li>\n<li>Per\u00adson\u00adal Nord, 25.04. von 14:40 bis 15:25 Uhr in Halle A4, Prax\u00adis\u00adfo\u00adrum&nbsp;1<\/li>\n<li>Per\u00adson\u00adal S\u00fcd, 09.05. von 14:40 bis 15:25 Uhr in Halle 1, Prax\u00adis\u00adfo\u00adrum&nbsp;1<\/li>\n<\/ul>\n<p>(553 W\u00f6rter \/ 4.224 Zeichen)<\/p>\n<p>[\/et_pb_text][et_pb_text admin_label=\u201cBoilerplate\u201d background_layout=\u201clight\u201d text_orientation=\u201cleft\u201d use_border_color=\u201coff\u201d border_color=\u201d#ffffff\u201d border_style=\u201csolid\u201d]<\/p>\n<p><strong>\u00dcber IQDoQ<br>\n<\/strong>IQDoQ (<a href=\"https:\/\/www.IQDoQ.de\" target=\"_blank\" rel=\"noopener noreferrer nofollow\">www\u200b.IQDoQ\u200b.de<\/a>) ist IT-\u200bSpezialist mit einem feinen Gesp\u00fcr f\u00fcr Prozesse und Doku\u00admente. Das Tochterun\u00adternehmen der Materna-\u200bGruppe hat sich auf Soft\u00adware f\u00fcr effizientes Doku\u00admenten\u00adman\u00adage\u00adment spezial\u00adisiert. Seit \u00fcber 25 Jahren real\u00adisiert IQDoQ dig\u00adi\u00adtale Akten\u00adl\u00f6\u00adsun\u00adgen, die doku\u00adment\u00adbasierte Prozesse sp\u00fcr\u00adbar vere\u00adin\u00adfachen und erle\u00adichtern. Heute ste\u00adhen die Pro\u00adduk\u00adt\u00admarken Hyper\u00adDoc und IQAk\u00adte f\u00fcr ein effizientes zukun\u00adftssicheres Doku\u00admenten\u00adman\u00adage\u00adment, das sich in rund 1.000 Pro\u00adjek\u00adten bew\u00e4hrt hat.<br> Die mehreren 10.000 Anwen\u00adder der IQDoQ-\u200bL\u00f6sungen find\u00aden sich in kleinen, mit\u00adtel\u00adst\u00e4ndis\u00adchen und gro\u00dfen Unternehmen wie beispiel\u00adsweise Car\u00adi\u00adtasver\u00adband Darm\u00adstadt e. V., DAK-\u200bGesundheit, Deutsche Post AG, DPD Dynam\u00adic Par\u00adcel Dis\u00adtri\u00adb\u00adu\u00adtion GmbH &amp; Co. KG, GEO\u00adDIS Logis\u00adtics Deutsch\u00adland GmbH, NZZ-\u200bMediengruppe, Uni\u00adty\u00admedia KabelBW GmbH und WITTE Automotive.<\/p>\n<p>[\/et_pb_text][et_pb_text admin_label=\u201cKontakt\u201d background_layout=\u201clight\u201d text_orientation=\u201cleft\u201d use_border_color=\u201coff\u201d border_color=\u201d#ffffff\u201d border_style=\u201csolid\u201d text_line_height=\u201c1.25em\u201d]<\/p>\n<p>F\u00fcr Fra\u00adgen und weit\u00adere Infor\u00adma\u00adtio\u00adnen ste\u00adhen Ihnen gerne zur Verf\u00fcgung:<\/p>\n<table style=\"width: 100%;\" border=\"0\" cellspacing=\"0\" cellpadding=\"0\">\n<tbody>\n<tr>\n<td style=\"width: 50%;\"><strong>IQDoQ GmbH<br> Kat\u00adja Dippel<\/strong><br> Mar\u00adket\u00ading Com\u00admu\u00adni\u00adca\u00adtions Manager<br> Theodor-\u200bHeuss-\u200bStra\u00dfe 59<br> D\u201161118 Bad Vilbel<br> Tele\u00adfon: +49 6101 806\u2013300<br> Tele\u00adfax: +49 6101 806\u2013590<br> E\u2011Mail: marketing@iqdoq.de<br> www\u200b.iqdoq\u200b.de<\/td>\n<td style=\"width: 50%;\"><strong>in-\u200bhouse Agentur<\/strong><br>\n <strong>Michael Ihringer<\/strong><br> Kas\u00adtanien\u00adallee&nbsp;24<br> D\u201164289 Darmstadt<br> Tele\u00adfon (06151) 30830\u20130<br> Fax (06151) 30830\u201311<br> ihringer@in-house.de<br> www\u200b.in\u200b-house\u200b.de<\/td>\n<\/tr>\n<\/tbody>\n<\/table>\n<p>[\/et_pb_text][\/et_pb_column][\/et_pb_row][et_pb_row admin_label=\u201cZeile\u201d make_fullwidth=\u201coff\u201d use_custom_width=\u201coff\u201d width_unit=\u201con\u201d use_custom_gutter=\u201coff\u201d padding_mobile=\u201coff\u201d allow_player_pause=\u201coff\u201d parallax=\u201coff\u201d parallax_method=\u201coff\u201d make_equal=\u201coff\u201d parallax_1=\u201coff\u201d parallax_method_1=\u201coff\u201d column_padding_mobile=\u201con\u201d][et_pb_column type=\u201c4_4\u201d][et_pb_text admin_label=\u201cBildmaterial\u201d background_layout=\u201clight\u201d text_orientation=\u201cleft\u201d use_border_color=\u201coff\u201d border_color=\u201d#ffffff\u201d border_style=\u201csolid\u201d]<\/p>\n<h2>Verf\u00fcgbares Bildmaterial<\/h2>\n<p>[\/et_pb_text][et_pb_gallery admin_label=\u201cGalerie\u201d gallery_ids=\u201c1161,1146\u201d fullwidth=\u201coff\u201d show_title_and_caption=\u201con\u201d show_pagination=\u201coff\u201d background_layout=\u201clight\u201d auto=\u201coff\u201d hover_overlay_color=\u201crgba(255,255,255,0.9)\u201d use_border_color=\u201coff\u201d border_color=\u201d#ffffff\u201d border_style=\u201csolid\u201d orientation=\u201clandscape\u201d]<\/p>\n<p><\/p>\n<p>[\/et_pb_gallery][\/et_pb_column][\/et_pb_row][\/et_pb_section]<\/p>\n","protected":false},"excerpt":{"rendered":"<p>IQAk\u00adte Per\u00adson\u00adal 3.1 treibt dig\u00adi\u00adtale HR-\u200bProzesse voran<br>\n<br> Bad Vil\u00adbel, 21. Feb\u00adru\u00adar 2017. Auf den Messen Per\u00adson\u00adal Swiss (Z\u00fcrich, 04.\u201305.04.2017: Halle 5, Stand B.15), Per\u00adson\u00adal Nord (Ham\u00adburg, 25.\u201326.04.2017: Halle A4, Stand E.13) und Per\u00adson\u00adal S\u00fcd (Stuttgart, 09.\u201310.05.2017: Halle 1, Stand B.17) zeigt die Materna-\u200bTochter IQDoQ eine Pre\u00adview auf die neue Ver\u00adsion 3.1 ihrer dig\u00adi\u00adtal\u00aden Per\u00adson\u00adalak\u00adte IQAk\u00adte Per\u00adson\u00adal. Eine neuar\u00adtige Checklisten-\u200bFunktion erm\u00f6glicht es der Per\u00adson\u00adal\u00adabteilung darin erst\u00admals, HR-\u200bProzesse ein\u00adfach, flex\u00adi\u00adbel und vor allem selb\u00adst\u00e4ndig im Sys\u00adtem abzu\u00adbilden. Au\u00dfer\u00addem pr\u00e4sen\u00adtiert IQDoQ die mul\u00adti\u00adme\u00addi\u00adale L\u00f6sung der Schwest\u00aderge\u00adsellschaft Mater\u00adna TMT f\u00fcr das dig\u00adi\u00adtale Onboard\u00ading neuer Mitarbeiter.<\/p>\n","protected":false},"author":2,"featured_media":1161,"comment_status":"closed","ping_status":"closed","sticky":false,"template":"","format":"standard","meta":{"_et_pb_use_builder":"on","_et_pb_old_content":"","_et_gb_content_width":"","wp_typography_post_enhancements_disabled":false,"footnotes":""},"categories":[18],"tags":[],"class_list":["post-1144","post","type-post","status-publish","format-standard","has-post-thumbnail","hentry","category-iqdoq"],"_links":{"self":[{"href":"https:\/\/www.in-house.de\/en\/wp-json\/wp\/v2\/posts\/1144","targetHints":{"allow":["GET"]}}],"collection":[{"href":"https:\/\/www.in-house.de\/en\/wp-json\/wp\/v2\/posts"}],"about":[{"href":"https:\/\/www.in-house.de\/en\/wp-json\/wp\/v2\/types\/post"}],"author":[{"embeddable":true,"href":"https:\/\/www.in-house.de\/en\/wp-json\/wp\/v2\/users\/2"}],"replies":[{"embeddable":true,"href":"https:\/\/www.in-house.de\/en\/wp-json\/wp\/v2\/comments?post=1144"}],"version-history":[{"count":0,"href":"https:\/\/www.in-house.de\/en\/wp-json\/wp\/v2\/posts\/1144\/revisions"}],"wp:featuredmedia":[{"embeddable":true,"href":"https:\/\/www.in-house.de\/en\/wp-json\/wp\/v2\/media\/1161"}],"wp:attachment":[{"href":"https:\/\/www.in-house.de\/en\/wp-json\/wp\/v2\/media?parent=1144"}],"wp:term":[{"taxonomy":"category","embeddable":true,"href":"https:\/\/www.in-house.de\/en\/wp-json\/wp\/v2\/categories?post=1144"},{"taxonomy":"post_tag","embeddable":true,"href":"https:\/\/www.in-house.de\/en\/wp-json\/wp\/v2\/tags?post=1144"}],"curies":[{"name":"wp","href":"https:\/\/api.w.org\/{rel}","templated":true}]}}